{"id":704,"date":"2025-02-11T21:59:34","date_gmt":"2025-02-11T21:59:34","guid":{"rendered":"https:\/\/aristotelesfelsefedernegi.com\/?p=704"},"modified":"2025-02-11T22:05:00","modified_gmt":"2025-02-11T22:05:00","slug":"baskanimiz-prof-dr-hatice-nur-beyaz-erkizan-halk-tv-felsefe-akademisine-konuk-oldu","status":"publish","type":"post","link":"https:\/\/aristotelesfelsefedernegi.com\/index.php\/2025\/02\/11\/baskanimiz-prof-dr-hatice-nur-beyaz-erkizan-halk-tv-felsefe-akademisine-konuk-oldu\/","title":{"rendered":"Ba\u015fkan\u0131m\u0131z Prof. Dr. Hatice Nur Beyaz Erk\u0131zan, Halk TV Felsefe Akademisi\u2019ne Konuk Oldu"},"content":{"rendered":"\n<p class=\"has-medium-font-size\">Ba\u015fkan\u0131m\u0131z <strong>Prof. Dr. Hatice Nur Beyaz Erk\u0131zan<\/strong>, Halk TV\u2019de yay\u0131mlanan <strong>&#8220;Felsefe Akademisi&#8221;<\/strong> program\u0131na konuk oldu. <strong>\u015eahin Aybek<\/strong>\u2019in sundu\u011fu programda, <strong>&#8220;Anadolu&#8217;da Bilimin, Felsefenin ve Bilgeli\u011fin \u0130zleri&#8221;<\/strong> ba\u015fl\u0131\u011f\u0131 alt\u0131nda felsefenin k\u00fclt\u00fcrel miras\u0131m\u0131zdaki yeri ve \u00f6nemi ele al\u0131nd\u0131.<\/p>\n\n\n\n<p class=\"has-medium-font-size\">Programda, <strong>Mu\u011flal\u0131 filozof Diogenes<\/strong>\u2019in d\u00fc\u015f\u00fcnceleri \u00e7er\u00e7evesinde <strong>&#8220;\u0130nsanl\u0131k Felsefe ile Ye\u015ferebilir&#8221;<\/strong> konusu tart\u0131\u015f\u0131ld\u0131. Antik \u00c7a\u011f\u2019dan g\u00fcn\u00fcm\u00fcze felsefenin birey ve toplum \u00fczerindeki etkileri, bilgelik aray\u0131\u015f\u0131 ve \u00f6zg\u00fcrl\u00fck kavram\u0131 detayl\u0131 bir \u015fekilde de\u011ferlendirildi.<\/p>\n\n\n\n<p class=\"has-medium-font-size\">Program\u0131 izlemek i\u00e7in;<\/p>\n\n\n\n<figure class=\"wp-block-embed is-type-video is-provider-youtube wp-block-embed-youtube wp-embed-aspect-16-9 wp-has-aspect-ratio\"><div class=\"wp-block-embed__wrapper\">\n<iframe loading=\"lazy\" title=\"\u015eahin Aybek ile T\u00fcrkiye Hepimizin E\u011fitim Hepimizin (11 \u015eubat 2025)\" width=\"750\" height=\"422\" src=\"https:\/\/www.youtube.com\/embed\/tTHeu95HPUA?feature=oembed\" frameborder=\"0\" allow=\"accelerometer; autoplay; clipboard-write; encrypted-media; gyroscope; picture-in-picture; web-share\" referrerpolicy=\"strict-origin-when-cross-origin\" allowfullscreen><\/iframe>\n<\/div><\/figure>\n","protected":false},"excerpt":{"rendered":"<p>Ba\u015fkan\u0131m\u0131z Prof. Dr. Hatice Nur Beyaz Erk\u0131zan, Halk TV\u2019de yay\u0131mlanan &#8220;Felsefe Akademisi&#8221; program\u0131na konuk oldu. \u015eahin Aybek\u2019in sundu\u011fu programda, &#8220;Anadolu&#8217;da &hellip; <\/p>\n","protected":false},"author":1,"featured_media":710,"comment_status":"open","ping_status":"open","sticky":false,"template":"","format":"standard","meta":{"footnotes":""},"categories":[1],"tags":[36,37,22,38,40],"class_list":["post-704","post","type-post","status-publish","format-standard","has-post-thumbnail","hentry","category-bultenler","tag-aristoteles","tag-diogenes","tag-felsefe","tag-felsefe-akademisi","tag-halk-tv"],"_links":{"self":[{"href":"https:\/\/aristotelesfelsefedernegi.com\/index.php\/wp-json\/wp\/v2\/posts\/704","targetHints":{"allow":["GET"]}}],"collection":[{"href":"https:\/\/aristotelesfelsefedernegi.com\/index.php\/wp-json\/wp\/v2\/posts"}],"about":[{"href":"https:\/\/aristotelesfelsefedernegi.com\/index.php\/wp-json\/wp\/v2\/types\/post"}],"author":[{"embeddable":true,"href":"https:\/\/aristotelesfelsefedernegi.com\/index.php\/wp-json\/wp\/v2\/users\/1"}],"replies":[{"embeddable":true,"href":"https:\/\/aristotelesfelsefedernegi.com\/index.php\/wp-json\/wp\/v2\/comments?post=704"}],"version-history":[{"count":2,"href":"https:\/\/aristotelesfelsefedernegi.com\/index.php\/wp-json\/wp\/v2\/posts\/704\/revisions"}],"predecessor-version":[{"id":745,"href":"https:\/\/aristotelesfelsefedernegi.com\/index.php\/wp-json\/wp\/v2\/posts\/704\/revisions\/745"}],"wp:featuredmedia":[{"embeddable":true,"href":"https:\/\/aristotelesfelsefedernegi.com\/index.php\/wp-json\/wp\/v2\/media\/710"}],"wp:attachment":[{"href":"https:\/\/aristotelesfelsefedernegi.com\/index.php\/wp-json\/wp\/v2\/media?parent=704"}],"wp:term":[{"taxonomy":"category","embeddable":true,"href":"https:\/\/aristotelesfelsefedernegi.com\/index.php\/wp-json\/wp\/v2\/categories?post=704"},{"taxonomy":"post_tag","embeddable":true,"href":"https:\/\/aristotelesfelsefedernegi.com\/index.php\/wp-json\/wp\/v2\/tags?post=704"}],"curies":[{"name":"wp","href":"https:\/\/api.w.org\/{rel}","templated":true}]}}