{"id":732,"date":"2025-03-13T14:40:11","date_gmt":"2025-03-13T14:40:11","guid":{"rendered":"https:\/\/aristotelesfelsefedernegi.com\/?p=732"},"modified":"2025-03-13T15:02:32","modified_gmt":"2025-03-13T15:02:32","slug":"aristotle-beyond-the-academy-konferansi-2025","status":"publish","type":"post","link":"https:\/\/aristotelesfelsefedernegi.com\/index.php\/2025\/03\/13\/aristotle-beyond-the-academy-konferansi-2025\/","title":{"rendered":"Aristotle Beyond the Academy Konferans\u0131 \u2013 2025"},"content":{"rendered":"<div class=\"wp-block-image\">\n<figure class=\"alignleft size-large is-resized\"><img decoding=\"async\" src=\"https:\/\/aristotelesfelsefedernegi.com\/wp-content\/uploads\/2025\/03\/Brochure__Leaflet_A4_-_Master_Branded_-_Professional-3-1-1-739x1024.png\" alt=\"\" class=\"wp-image-737\" style=\"width:414px;height:auto\"\/><\/figure>\n<\/div>\n\n\n<p>Aristoteles d\u00fc\u015f\u00fcncesinin tarihsel ve \u00e7a\u011fda\u015f ba\u011flamlardaki yans\u0131malar\u0131n\u0131 disiplinleraras\u0131 bir perspektifle ele alan <strong>Aristotle Beyond the Academy<\/strong> konferans\u0131, <strong>26-27 Mart 2025<\/strong> tarihlerinde Durham \u00dcniversitesi\u2019nde d\u00fczenlenecektir. Leverhulme Trust taraf\u0131ndan desteklenen bu etkinlik, Aristoteles\u2019in etik, siyaset, retorik ve do\u011fa bilimleri alanlar\u0131ndaki etkisini, farkl\u0131 k\u00fclt\u00fcrel ve akademik ba\u011flamlarda nas\u0131l yorumland\u0131\u011f\u0131n\u0131 tart\u0131\u015fmay\u0131 ama\u00e7lamaktad\u0131r.<\/p>\n\n\n\n<p>Bu ba\u011flamda, Aristoteles Felsefe Derne\u011fi kurucusu <strong>Prof. Dr. Hatice Nur Erk\u0131zan<\/strong> da konferans kapsam\u0131nda, <strong>\u201cOrta \u00c7a\u011f \u0130slam D\u00fcnyas\u0131nda Aristoteles&#8217;in <em>Politika<\/em>&#8216;s\u0131z Al\u0131mlanmas\u0131 ve Bunun Etkileri<\/strong>&#8221; ba\u015fl\u0131kl\u0131 sunumu ile yer alacakt\u0131r.<\/p>\n\n\n\n<p><\/p>\n\n\n\n<h3 class=\"wp-block-heading\"><strong>Konferans Program\u0131ndan Se\u00e7ili Ba\u015fl\u0131klar:<\/strong><\/h3>\n\n\n\n<p>\ud83d\udcc5 <strong>26 Mart 2025<\/strong><br>\ud83d\udd39 <em>Hatice Nur Erk\u0131zan (Mu\u011fla S\u0131tk\u0131 Ko\u00e7man \u00dcniversitesi):<\/em> Orta\u00e7a\u011f \u0130slam d\u00fcnyas\u0131nda Aristoteles\u2019in siyaset felsefesi d\u0131\u015f\u0131nda nas\u0131l ele al\u0131nd\u0131\u011f\u0131 ve bunun d\u00fc\u015f\u00fcnsel yans\u0131malar\u0131<br>\ud83d\udd39 <em>John Dudley (Leuven):<\/em> John Henry Newman\u2019\u0131n Aristoteles felsefesine dair de\u011ferlendirmeleri ve ele\u015ftirileri<br>\ud83d\udd39 <em>Ashley Lance (Cambridge \u00dcniversitesi):<\/em> Antik d\u00fc\u015f\u00fcncenin ABD\u2019de yat\u0131l\u0131 okul sistemine etkileri<br>\ud83d\udd39 <em>Natalie Earl &amp; Rhiannon Easterbrook:<\/em> Aristoteles\u2019in Shakespeare ve \u00e7a\u011fda\u015f \u0130ngiliz edebiyat\u0131na etkisi<\/p>\n\n\n\n<p>\ud83d\udcc5 <strong>27 Mart 2025<\/strong><br>\ud83d\udd39 <em>Henry Stead (St Andrews \u00dcniversitesi):<\/em> 20. y\u00fczy\u0131l Britanya\u2019s\u0131nda kom\u00fcnist \u00e7evrelerde Aristoteles\u2019in halk i\u00e7in yeniden yorumlanmas\u0131<br>\ud83d\udd39 <em>Christopher Anaforian (St Andrews \u00dcniversitesi):<\/em> \u0130\u015f\u00e7i s\u0131n\u0131f\u0131 perspektifinden Aristoteles\u2019in felsefi miras\u0131<br>\ud83d\udd39 <em>Richard Toye (Exeter \u00dcniversitesi):<\/em> Boris Johnson\u2019\u0131n siyasi s\u00f6yleminde Aristoteles\u2019in etkisi<br>\ud83d\udd39 <em>Rory McInnes-Gibbons (Durham \u00dcniversitesi):<\/em> Yapay zeka \u00e7a\u011f\u0131nda Aristoteles d\u00fc\u015f\u00fcncesinin insanl\u0131k i\u00e7in sundu\u011fu olas\u0131l\u0131klar<\/p>\n\n\n\n<figure class=\"wp-block-image size-large is-resized\"><img loading=\"lazy\" decoding=\"async\" width=\"739\" height=\"1024\" src=\"https:\/\/aristotelesfelsefedernegi.com\/wp-content\/uploads\/2025\/03\/Brochure__Leaflet_A4_-_Master_Branded_-_Professional-3-2-1-739x1024.png\" alt=\"\" class=\"wp-image-735\" style=\"width:419px;height:auto\" srcset=\"https:\/\/aristotelesfelsefedernegi.com\/wp-content\/uploads\/2025\/03\/Brochure__Leaflet_A4_-_Master_Branded_-_Professional-3-2-1-739x1024.png 739w, https:\/\/aristotelesfelsefedernegi.com\/wp-content\/uploads\/2025\/03\/Brochure__Leaflet_A4_-_Master_Branded_-_Professional-3-2-1-216x300.png 216w, https:\/\/aristotelesfelsefedernegi.com\/wp-content\/uploads\/2025\/03\/Brochure__Leaflet_A4_-_Master_Branded_-_Professional-3-2-1-768x1064.png 768w, https:\/\/aristotelesfelsefedernegi.com\/wp-content\/uploads\/2025\/03\/Brochure__Leaflet_A4_-_Master_Branded_-_Professional-3-2-1-1108x1536.png 1108w, https:\/\/aristotelesfelsefedernegi.com\/wp-content\/uploads\/2025\/03\/Brochure__Leaflet_A4_-_Master_Branded_-_Professional-3-2-1-1478x2048.png 1478w, https:\/\/aristotelesfelsefedernegi.com\/wp-content\/uploads\/2025\/03\/Brochure__Leaflet_A4_-_Master_Branded_-_Professional-3-2-1.png 1770w\" sizes=\"auto, (max-width: 739px) 100vw, 739px\" \/><\/figure>\n\n\n\n<p>\ud83d\udccd <strong>Etkinlik Yeri:<\/strong> Classics and Ancient History Department, 38 North Bailey, Durham<br>\ud83d\udcde <strong>\u0130leti\u015fim:<\/strong> +44 (0)191 3343170<br>\ud83c\udf10 <strong>Detayl\u0131 Bilgi:<\/strong> <a href=\"https:\/\/durham.ac.uk\/\">durham.ac.uk<\/a><\/p>\n\n\n\n<p>Felsefe, edebiyat, politika ve bilim gibi farkl\u0131 disiplinleri Aristoteles\u2019in d\u00fc\u015f\u00fcnsel miras\u0131 etraf\u0131nda bir araya getiren bu konferans, akademik \u00e7evreler i\u00e7in \u00f6nemli bir tart\u0131\u015fma platformu sunmaktad\u0131r. Aristoteles\u2019in \u00e7a\u011fda\u015f d\u00fcnyadaki etkisini daha derinlemesine anlamak ve bu alandaki g\u00fcncel ara\u015ft\u0131rmalar\u0131 takip etmek isteyen herkes davetlidir.<\/p>\n\n\n\n<figure class=\"wp-block-gallery has-nested-images columns-default is-cropped wp-block-gallery-1 is-layout-flex wp-block-gallery-is-layout-flex\">\n<figure class=\"wp-block-image size-large\"><img loading=\"lazy\" decoding=\"async\" width=\"739\" height=\"1024\" data-id=\"738\" src=\"https:\/\/aristotelesfelsefedernegi.com\/wp-content\/uploads\/2025\/03\/Brochure__Leaflet_A4_-_Master_Branded_-_Professional-3-3-739x1024.png\" alt=\"\" class=\"wp-image-738\" srcset=\"https:\/\/aristotelesfelsefedernegi.com\/wp-content\/uploads\/2025\/03\/Brochure__Leaflet_A4_-_Master_Branded_-_Professional-3-3-739x1024.png 739w, https:\/\/aristotelesfelsefedernegi.com\/wp-content\/uploads\/2025\/03\/Brochure__Leaflet_A4_-_Master_Branded_-_Professional-3-3-216x300.png 216w, https:\/\/aristotelesfelsefedernegi.com\/wp-content\/uploads\/2025\/03\/Brochure__Leaflet_A4_-_Master_Branded_-_Professional-3-3-768x1064.png 768w, https:\/\/aristotelesfelsefedernegi.com\/wp-content\/uploads\/2025\/03\/Brochure__Leaflet_A4_-_Master_Branded_-_Professional-3-3-1108x1536.png 1108w, https:\/\/aristotelesfelsefedernegi.com\/wp-content\/uploads\/2025\/03\/Brochure__Leaflet_A4_-_Master_Branded_-_Professional-3-3-1478x2048.png 1478w, https:\/\/aristotelesfelsefedernegi.com\/wp-content\/uploads\/2025\/03\/Brochure__Leaflet_A4_-_Master_Branded_-_Professional-3-3.png 1770w\" sizes=\"auto, (max-width: 739px) 100vw, 739px\" \/><\/figure>\n\n\n\n<figure class=\"wp-block-image size-large\"><img loading=\"lazy\" decoding=\"async\" width=\"739\" height=\"1024\" data-id=\"736\" src=\"https:\/\/aristotelesfelsefedernegi.com\/wp-content\/uploads\/2025\/03\/Brochure__Leaflet_A4_-_Master_Branded_-_Professional-3-4-739x1024.png\" alt=\"\" class=\"wp-image-736\" srcset=\"https:\/\/aristotelesfelsefedernegi.com\/wp-content\/uploads\/2025\/03\/Brochure__Leaflet_A4_-_Master_Branded_-_Professional-3-4-739x1024.png 739w, https:\/\/aristotelesfelsefedernegi.com\/wp-content\/uploads\/2025\/03\/Brochure__Leaflet_A4_-_Master_Branded_-_Professional-3-4-216x300.png 216w, https:\/\/aristotelesfelsefedernegi.com\/wp-content\/uploads\/2025\/03\/Brochure__Leaflet_A4_-_Master_Branded_-_Professional-3-4-768x1064.png 768w, https:\/\/aristotelesfelsefedernegi.com\/wp-content\/uploads\/2025\/03\/Brochure__Leaflet_A4_-_Master_Branded_-_Professional-3-4-1108x1536.png 1108w, https:\/\/aristotelesfelsefedernegi.com\/wp-content\/uploads\/2025\/03\/Brochure__Leaflet_A4_-_Master_Branded_-_Professional-3-4-1478x2048.png 1478w, https:\/\/aristotelesfelsefedernegi.com\/wp-content\/uploads\/2025\/03\/Brochure__Leaflet_A4_-_Master_Branded_-_Professional-3-4.png 1770w\" sizes=\"auto, (max-width: 739px) 100vw, 739px\" \/><\/figure>\n<\/figure>\n","protected":false},"excerpt":{"rendered":"<p>Aristoteles d\u00fc\u015f\u00fcncesinin tarihsel ve \u00e7a\u011fda\u015f ba\u011flamlardaki yans\u0131malar\u0131n\u0131 disiplinleraras\u0131 bir perspektifle ele alan Aristotle Beyond the Academy konferans\u0131, 26-27 Mart 2025 &hellip; <\/p>\n","protected":false},"author":1,"featured_media":740,"comment_status":"open","ping_status":"open","sticky":false,"template":"","format":"standard","meta":{"footnotes":""},"categories":[1,8],"tags":[55,36,54,56,22],"class_list":["post-732","post","type-post","status-publish","format-standard","has-post-thumbnail","hentry","category-bultenler","category-yaklasan-etkinlikler","tag-akademikkonferans","tag-aristoteles","tag-aristotlebeyond","tag-durhamuniversitesi","tag-felsefe"],"_links":{"self":[{"href":"https:\/\/aristotelesfelsefedernegi.com\/index.php\/wp-json\/wp\/v2\/posts\/732","targetHints":{"allow":["GET"]}}],"collection":[{"href":"https:\/\/aristotelesfelsefedernegi.com\/index.php\/wp-json\/wp\/v2\/posts"}],"about":[{"href":"https:\/\/aristotelesfelsefedernegi.com\/index.php\/wp-json\/wp\/v2\/types\/post"}],"author":[{"embeddable":true,"href":"https:\/\/aristotelesfelsefedernegi.com\/index.php\/wp-json\/wp\/v2\/users\/1"}],"replies":[{"embeddable":true,"href":"https:\/\/aristotelesfelsefedernegi.com\/index.php\/wp-json\/wp\/v2\/comments?post=732"}],"version-history":[{"count":3,"href":"https:\/\/aristotelesfelsefedernegi.com\/index.php\/wp-json\/wp\/v2\/posts\/732\/revisions"}],"predecessor-version":[{"id":743,"href":"https:\/\/aristotelesfelsefedernegi.com\/index.php\/wp-json\/wp\/v2\/posts\/732\/revisions\/743"}],"wp:featuredmedia":[{"embeddable":true,"href":"https:\/\/aristotelesfelsefedernegi.com\/index.php\/wp-json\/wp\/v2\/media\/740"}],"wp:attachment":[{"href":"https:\/\/aristotelesfelsefedernegi.com\/index.php\/wp-json\/wp\/v2\/media?parent=732"}],"wp:term":[{"taxonomy":"category","embeddable":true,"href":"https:\/\/aristotelesfelsefedernegi.com\/index.php\/wp-json\/wp\/v2\/categories?post=732"},{"taxonomy":"post_tag","embeddable":true,"href":"https:\/\/aristotelesfelsefedernegi.com\/index.php\/wp-json\/wp\/v2\/tags?post=732"}],"curies":[{"name":"wp","href":"https:\/\/api.w.org\/{rel}","templated":true}]}}