{"id":91,"date":"2024-07-09T13:07:51","date_gmt":"2024-07-09T13:07:51","guid":{"rendered":"https:\/\/aristotelesfelsefedernegi.com\/?p=91"},"modified":"2024-07-09T13:11:18","modified_gmt":"2024-07-09T13:11:18","slug":"cagimizin-kacinilmaz-gercegi-cocuk-cocukluk-ve-felsefe-semineri-basariyla-gerceklestirildi","status":"publish","type":"post","link":"https:\/\/aristotelesfelsefedernegi.com\/index.php\/2024\/07\/09\/cagimizin-kacinilmaz-gercegi-cocuk-cocukluk-ve-felsefe-semineri-basariyla-gerceklestirildi\/","title":{"rendered":"\u00c7a\u011f\u0131m\u0131z\u0131n Ka\u00e7\u0131n\u0131lmaz Ger\u00e7e\u011fi: \u00c7ocuk, \u00c7ocukluk ve Felsefe Semineri Ba\u015far\u0131yla Ger\u00e7ekle\u015ftirildi"},"content":{"rendered":"<div class=\"wp-block-image\">\n<figure class=\"alignleft size-large is-resized\"><img loading=\"lazy\" decoding=\"async\" width=\"731\" height=\"1024\" src=\"https:\/\/aristotelesfelsefedernegi.com\/wp-content\/uploads\/2024\/07\/IMG-20220331-WA0000-731x1024.jpg\" alt=\"\" class=\"wp-image-92\" style=\"width:415px;height:auto\" srcset=\"https:\/\/aristotelesfelsefedernegi.com\/wp-content\/uploads\/2024\/07\/IMG-20220331-WA0000-731x1024.jpg 731w, https:\/\/aristotelesfelsefedernegi.com\/wp-content\/uploads\/2024\/07\/IMG-20220331-WA0000-214x300.jpg 214w, https:\/\/aristotelesfelsefedernegi.com\/wp-content\/uploads\/2024\/07\/IMG-20220331-WA0000-768x1076.jpg 768w, https:\/\/aristotelesfelsefedernegi.com\/wp-content\/uploads\/2024\/07\/IMG-20220331-WA0000-1096x1536.jpg 1096w, https:\/\/aristotelesfelsefedernegi.com\/wp-content\/uploads\/2024\/07\/IMG-20220331-WA0000.jpg 1142w\" sizes=\"auto, (max-width: 731px) 100vw, 731px\" \/><\/figure>\n<\/div>\n\n\n<p>Mu\u011fla B\u00fcy\u00fck\u015fehir Belediyesi&#8217;nin ev sahipli\u011finde d\u00fczenlenen &#8220;\u00c7a\u011f\u0131m\u0131z\u0131n Ka\u00e7\u0131n\u0131lmaz Ger\u00e7e\u011fi: \u00c7ocuk, \u00c7ocukluk ve Felsefe Semineri&#8221; 11 Nisan 2022 Pazartesi g\u00fcn\u00fc ba\u015far\u0131yla tamamland\u0131. T\u00fcrkan Saylan \u00c7a\u011fda\u015f Ya\u015fam Merkezi&#8217;nde ger\u00e7ekle\u015fen etkinlikte, Do\u00e7. Dr. Senem Kurtar taraf\u0131ndan \u00e7ocukluk ve felsefe ili\u015fkisi derinlemesine ele al\u0131nd\u0131.<\/p>\n\n\n\n<h3 class=\"wp-block-heading\">Seminerin Amac\u0131 ve Konular\u0131<\/h3>\n\n\n\n<p>Bu seminer, \u00e7ocukluk d\u00f6nemi ve felsefe aras\u0131ndaki ili\u015fkiyi tart\u0131\u015fmak, \u00e7ocuklar\u0131n felsefi d\u00fc\u015f\u00fcnce s\u00fcre\u00e7lerine katk\u0131 sa\u011flamak ve \u00e7a\u011f\u0131m\u0131z\u0131n ka\u00e7\u0131n\u0131lmaz ger\u00e7eklerini g\u00f6zler \u00f6n\u00fcne sermek amac\u0131yla d\u00fczenlendi. Seminer boyunca i\u015flenen ba\u015fl\u0131ca konular:<\/p>\n\n\n\n<ul class=\"wp-block-list\">\n<li>\u00c7ocukluk d\u00f6nemi ve felsefi d\u00fc\u015f\u00fcncenin temelleri<\/li>\n\n\n\n<li>\u00c7ocuklar\u0131n felsefi d\u00fc\u015f\u00fcnce s\u00fcre\u00e7lerinin geli\u015ftirilmesi<\/li>\n\n\n\n<li>Felsefenin \u00e7ocuklar\u0131n sosyal ve duygusal geli\u015fimine katk\u0131lar\u0131<\/li>\n\n\n\n<li>\u00c7a\u011fda\u015f ya\u015famda \u00e7ocukluk ve felsefenin \u00f6nemi<\/li>\n<\/ul>\n\n\n\n<h3 class=\"wp-block-heading\">Kat\u0131l\u0131mc\u0131lar ve Destek\u00e7iler<\/h3>\n\n\n\n<p>Seminere, b\u00f6lgeden bir\u00e7ok veli, e\u011fitimci ve felsefe merakl\u0131s\u0131 kat\u0131l\u0131m g\u00f6sterdi. Etkinlik, Mu\u011fla B\u00fcy\u00fck\u015fehir Belediyesi ve Antropos Felsefe Derne\u011fi i\u015f birli\u011fiyle d\u00fczenlendi. Kat\u0131l\u0131mc\u0131lar, Do\u00e7. Dr. Senem Kurtar&#8217;\u0131n bilgi dolu sunumunu b\u00fcy\u00fck bir ilgiyle takip etti.<\/p>\n\n\n\n<h3 class=\"wp-block-heading\">Seminerin Sonu\u00e7lar\u0131<\/h3>\n\n\n\n<p>Seminer boyunca yap\u0131lan sunum ve tart\u0131\u015fmalar, \u00e7ocukluk d\u00f6neminin felsefi d\u00fc\u015f\u00fcnceyle nas\u0131l zenginle\u015ftirilebilece\u011fini ortaya koydu. Kat\u0131l\u0131mc\u0131lar, \u00e7ocuklar\u0131n felsefi d\u00fc\u015f\u00fcnme yeteneklerinin geli\u015ftirilmesinin \u00f6nemini vurgulad\u0131. Seminerin sonunda kat\u0131l\u0131mc\u0131lara sertifikalar verildi ve \u00e7ocuk felsefesi \u00fczerine gelecekte daha fazla etkinlik d\u00fczenlenmesi kararla\u015ft\u0131r\u0131ld\u0131.<\/p>\n\n\n\n<p class=\"has-medium-font-size\">Mu\u011fla B\u00fcy\u00fck\u015fehir Belediyesi olarak, bu t\u00fcr etkinliklerle \u00e7ocuklar\u0131m\u0131z\u0131n ve toplumumuzun geli\u015fimine katk\u0131da bulunmay\u0131 s\u00fcrd\u00fcrece\u011fiz. Kat\u0131l\u0131m g\u00f6steren ve destek veren herkese te\u015fekk\u00fcr ederiz.<\/p>\n","protected":false},"excerpt":{"rendered":"<p>Mu\u011fla B\u00fcy\u00fck\u015fehir Belediyesi&#8217;nin ev sahipli\u011finde d\u00fczenlenen &#8220;\u00c7a\u011f\u0131m\u0131z\u0131n Ka\u00e7\u0131n\u0131lmaz Ger\u00e7e\u011fi: \u00c7ocuk, \u00c7ocukluk ve Felsefe Semineri&#8221; 11 Nisan 2022 Pazartesi g\u00fcn\u00fc ba\u015far\u0131yla &hellip; <\/p>\n","protected":false},"author":1,"featured_media":93,"comment_status":"open","ping_status":"open","sticky":false,"template":"","format":"standard","meta":{"footnotes":""},"categories":[4,9],"tags":[],"class_list":["post-91","post","type-post","status-publish","format-standard","has-post-thumbnail","hentry","category-cocuklar-icin-felsefe-okulu","category-gecmis-etkinlikler"],"_links":{"self":[{"href":"https:\/\/aristotelesfelsefedernegi.com\/index.php\/wp-json\/wp\/v2\/posts\/91","targetHints":{"allow":["GET"]}}],"collection":[{"href":"https:\/\/aristotelesfelsefedernegi.com\/index.php\/wp-json\/wp\/v2\/posts"}],"about":[{"href":"https:\/\/aristotelesfelsefedernegi.com\/index.php\/wp-json\/wp\/v2\/types\/post"}],"author":[{"embeddable":true,"href":"https:\/\/aristotelesfelsefedernegi.com\/index.php\/wp-json\/wp\/v2\/users\/1"}],"replies":[{"embeddable":true,"href":"https:\/\/aristotelesfelsefedernegi.com\/index.php\/wp-json\/wp\/v2\/comments?post=91"}],"version-history":[{"count":1,"href":"https:\/\/aristotelesfelsefedernegi.com\/index.php\/wp-json\/wp\/v2\/posts\/91\/revisions"}],"predecessor-version":[{"id":94,"href":"https:\/\/aristotelesfelsefedernegi.com\/index.php\/wp-json\/wp\/v2\/posts\/91\/revisions\/94"}],"wp:featuredmedia":[{"embeddable":true,"href":"https:\/\/aristotelesfelsefedernegi.com\/index.php\/wp-json\/wp\/v2\/media\/93"}],"wp:attachment":[{"href":"https:\/\/aristotelesfelsefedernegi.com\/index.php\/wp-json\/wp\/v2\/media?parent=91"}],"wp:term":[{"taxonomy":"category","embeddable":true,"href":"https:\/\/aristotelesfelsefedernegi.com\/index.php\/wp-json\/wp\/v2\/categories?post=91"},{"taxonomy":"post_tag","embeddable":true,"href":"https:\/\/aristotelesfelsefedernegi.com\/index.php\/wp-json\/wp\/v2\/tags?post=91"}],"curies":[{"name":"wp","href":"https:\/\/api.w.org\/{rel}","templated":true}]}}